{"id":5671,"date":"2026-08-31T16:50:57","date_gmt":"2026-08-31T16:50:57","guid":{"rendered":"https:\/\/www.sueninos.org\/radio-workshop-die-stimmen-der-kinder-die-uns-zum-traeumen-inspirieren\/"},"modified":"2026-08-31T17:26:26","modified_gmt":"2026-08-31T17:26:26","slug":"radio-workshop-die-stimmen-der-kinder-die-uns-zum-traeumen-inspirieren","status":"publish","type":"post","link":"https:\/\/www.sueninos.org\/es\/radio-workshop-die-stimmen-der-kinder-die-uns-zum-traeumen-inspirieren\/","title":{"rendered":"Taller de Radio: La voz de la ni\u00f1ez que nos inspira a so\u00f1ar."},"content":{"rendered":"\n<p class=\"wp-block-paragraph\">\ud83e\udde1\ud83d\udcfb <strong>Sueni\u00f1os agradece con cari\u00f1o la visita de Tanja, Mike y sus hijas Iparia, Sina y Mimi, integrantes de Free Radio B138<\/strong>, un proyecto de radio comunitaria de Austria con el que tenemos la fortuna de mantener una valiosa alianza de colaboraci\u00f3n desde hace tres a\u00f1os.<\/p>\n\n\n\n<p class=\"wp-block-paragraph\">\ud83e\udd1dGracias a este v\u00ednculo de trabajo conjunto, ha sido posible hacer realidad un sue\u00f1o m\u00e1s: el \u201ctaller de radio\u201d, un proyecto educativo que promueve la libertad de expresi\u00f3n de ni\u00f1as, ni\u00f1os, adolescentes y j\u00f3venes, fortaleciendo sus habilidades de comunicaci\u00f3n para compartir sus ideas, experiencias y sue\u00f1os. \ud83c\udf99\ufe0f\u2728<\/p>\n\n\n\n<p class=\"wp-block-paragraph\">\ud83c\udf0eAgradecemos profundamente el valioso apoyo de <strong>Free Radio B138<\/strong>, cuyo compromiso ha contribuido significativamente a fortalecer la participaci\u00f3n protag\u00f3nica de la ni\u00f1ez y la juventud en sus comunidades. \ud83d\udcac<\/p>\n\n\n\n<p class=\"wp-block-paragraph\">\ud83c\udf97\ufe0fRecuerda: En Sueni\u00f1os hacemos realidad los sue\u00f1os&#8230;<\/p>\n\n\n\n<figure class=\"wp-block-gallery has-nested-images columns-default is-cropped wp-block-gallery-1 is-layout-flex wp-block-gallery-is-layout-flex\">\n<figure class=\"wp-block-image size-large\"><img loading=\"lazy\" decoding=\"async\" width=\"940\" height=\"788\" data-id=\"5658\" src=\"https:\/\/www.sueninos.org\/wp-content\/uploads\/2026\/08\/radio-b138-4.png\" alt=\"\" class=\"wp-image-5658\" srcset=\"https:\/\/www.sueninos.org\/wp-content\/uploads\/2026\/08\/radio-b138-4.png 940w, https:\/\/www.sueninos.org\/wp-content\/uploads\/2026\/08\/radio-b138-4-300x251.png 300w, https:\/\/www.sueninos.org\/wp-content\/uploads\/2026\/08\/radio-b138-4-768x644.png 768w\" sizes=\"auto, (max-width: 940px) 100vw, 940px\" \/><\/figure>\n\n\n\n<figure class=\"wp-block-image size-large\"><img loading=\"lazy\" decoding=\"async\" width=\"940\" height=\"788\" data-id=\"5664\" src=\"https:\/\/www.sueninos.org\/wp-content\/uploads\/2026\/08\/radio-b138-5.png\" alt=\"\" class=\"wp-image-5664\" srcset=\"https:\/\/www.sueninos.org\/wp-content\/uploads\/2026\/08\/radio-b138-5.png 940w, https:\/\/www.sueninos.org\/wp-content\/uploads\/2026\/08\/radio-b138-5-300x251.png 300w, https:\/\/www.sueninos.org\/wp-content\/uploads\/2026\/08\/radio-b138-5-768x644.png 768w\" sizes=\"auto, (max-width: 940px) 100vw, 940px\" \/><\/figure>\n\n\n\n<figure class=\"wp-block-image size-large\"><img loading=\"lazy\" decoding=\"async\" width=\"940\" height=\"788\" data-id=\"5668\" src=\"https:\/\/www.sueninos.org\/wp-content\/uploads\/2026\/08\/radio-b138-6.png\" alt=\"\" class=\"wp-image-5668\" srcset=\"https:\/\/www.sueninos.org\/wp-content\/uploads\/2026\/08\/radio-b138-6.png 940w, https:\/\/www.sueninos.org\/wp-content\/uploads\/2026\/08\/radio-b138-6-300x251.png 300w, https:\/\/www.sueninos.org\/wp-content\/uploads\/2026\/08\/radio-b138-6-768x644.png 768w\" sizes=\"auto, (max-width: 940px) 100vw, 940px\" \/><\/figure>\n\n\n\n<figure class=\"wp-block-image size-large\"><img loading=\"lazy\" decoding=\"async\" width=\"940\" height=\"788\" data-id=\"5660\" src=\"https:\/\/www.sueninos.org\/wp-content\/uploads\/2026\/08\/radio-b138-1.png\" alt=\"\" class=\"wp-image-5660\" srcset=\"https:\/\/www.sueninos.org\/wp-content\/uploads\/2026\/08\/radio-b138-1.png 940w, https:\/\/www.sueninos.org\/wp-content\/uploads\/2026\/08\/radio-b138-1-300x251.png 300w, https:\/\/www.sueninos.org\/wp-content\/uploads\/2026\/08\/radio-b138-1-768x644.png 768w\" sizes=\"auto, (max-width: 940px) 100vw, 940px\" \/><\/figure>\n\n\n\n<figure class=\"wp-block-image size-large\"><img loading=\"lazy\" decoding=\"async\" width=\"940\" height=\"788\" data-id=\"5662\" src=\"https:\/\/www.sueninos.org\/wp-content\/uploads\/2026\/08\/radio-b138-2.png\" alt=\"\" class=\"wp-image-5662\" srcset=\"https:\/\/www.sueninos.org\/wp-content\/uploads\/2026\/08\/radio-b138-2.png 940w, https:\/\/www.sueninos.org\/wp-content\/uploads\/2026\/08\/radio-b138-2-300x251.png 300w, https:\/\/www.sueninos.org\/wp-content\/uploads\/2026\/08\/radio-b138-2-768x644.png 768w\" sizes=\"auto, (max-width: 940px) 100vw, 940px\" \/><\/figure>\n\n\n\n<figure class=\"wp-block-image size-large\"><img loading=\"lazy\" decoding=\"async\" width=\"940\" height=\"788\" data-id=\"5666\" src=\"https:\/\/www.sueninos.org\/wp-content\/uploads\/2026\/08\/radio-b138-3.png\" alt=\"\" class=\"wp-image-5666\" srcset=\"https:\/\/www.sueninos.org\/wp-content\/uploads\/2026\/08\/radio-b138-3.png 940w, https:\/\/www.sueninos.org\/wp-content\/uploads\/2026\/08\/radio-b138-3-300x251.png 300w, https:\/\/www.sueninos.org\/wp-content\/uploads\/2026\/08\/radio-b138-3-768x644.png 768w\" sizes=\"auto, (max-width: 940px) 100vw, 940px\" \/><\/figure>\n<\/figure>\n","protected":false},"excerpt":{"rendered":"<p>\ud83e\udde1\ud83d\udcfb Sueni\u00f1os agradece con cari\u00f1o la visita de Tanja, Mike y sus hijas Iparia, Sina y Mimi, integrantes de Free Radio B138, un proyecto de radio comunitaria de Austria con el que tenemos la fortuna de mantener una valiosa alianza de colaboraci\u00f3n desde hace tres a\u00f1os. \ud83e\udd1dGracias a este v\u00ednculo de trabajo conjunto, ha sido [&hellip;]<\/p>\n","protected":false},"author":6,"featured_media":5659,"comment_status":"closed","ping_status":"closed","sticky":false,"template":"","format":"standard","meta":{"_acf_changed":false,"footnotes":""},"categories":[89,59],"tags":[93,90,92,91],"class_list":["post-5671","post","type-post","status-publish","format-standard","has-post-thumbnail","hentry","category-programa-socioeducativo-2","category-sueninos","tag-freies-radio-b138","tag-laboratorio-de-medios","tag-radio-b138","tag-radio-workshop"],"acf":[],"_links":{"self":[{"href":"https:\/\/www.sueninos.org\/es\/wp-json\/wp\/v2\/posts\/5671","targetHints":{"allow":["GET"]}}],"collection":[{"href":"https:\/\/www.sueninos.org\/es\/wp-json\/wp\/v2\/posts"}],"about":[{"href":"https:\/\/www.sueninos.org\/es\/wp-json\/wp\/v2\/types\/post"}],"author":[{"embeddable":true,"href":"https:\/\/www.sueninos.org\/es\/wp-json\/wp\/v2\/users\/6"}],"replies":[{"embeddable":true,"href":"https:\/\/www.sueninos.org\/es\/wp-json\/wp\/v2\/comments?post=5671"}],"version-history":[{"count":2,"href":"https:\/\/www.sueninos.org\/es\/wp-json\/wp\/v2\/posts\/5671\/revisions"}],"predecessor-version":[{"id":5675,"href":"https:\/\/www.sueninos.org\/es\/wp-json\/wp\/v2\/posts\/5671\/revisions\/5675"}],"wp:featuredmedia":[{"embeddable":true,"href":"https:\/\/www.sueninos.org\/es\/wp-json\/wp\/v2\/media\/5659"}],"wp:attachment":[{"href":"https:\/\/www.sueninos.org\/es\/wp-json\/wp\/v2\/media?parent=5671"}],"wp:term":[{"taxonomy":"category","embeddable":true,"href":"https:\/\/www.sueninos.org\/es\/wp-json\/wp\/v2\/categories?post=5671"},{"taxonomy":"post_tag","embeddable":true,"href":"https:\/\/www.sueninos.org\/es\/wp-json\/wp\/v2\/tags?post=5671"}],"curies":[{"name":"wp","href":"https:\/\/api.w.org\/{rel}","templated":true}]}}