{"id":5274,"date":"2025-07-16T17:46:55","date_gmt":"2025-07-16T17:46:55","guid":{"rendered":"https:\/\/www.sueninos.org\/?p=5274"},"modified":"2025-08-18T17:55:54","modified_gmt":"2025-08-18T17:55:54","slug":"cierre-del-modulo-educacion-para-la-paz-enero-junio-2025","status":"publish","type":"post","link":"https:\/\/www.sueninos.org\/es\/cierre-del-modulo-educacion-para-la-paz-enero-junio-2025\/","title":{"rendered":"Cierre del M\u00f3dulo Educaci\u00f3n para la Paz. Enero-Junio 2025."},"content":{"rendered":"\n<p>Con alegr\u00eda, las y los participantes del Programa Socioeducativo, celebraron con sus mam\u00e1s, pap\u00e1s y familiares el cierre del M\u00f3dulo Educaci\u00f3n para Paz, presentaron sus productos de cada Curso Bloque y Taller entre otras actividades que en Sueni\u00f1os impulsamos para el desarrollo humano integral enfocado en este m\u00f3dulo a los procesos de paz.<\/p>\n\n\n\n<figure class=\"wp-block-embed is-type-video is-provider-youtube wp-block-embed-youtube wp-embed-aspect-16-9 wp-has-aspect-ratio\"><div class=\"wp-block-embed__wrapper\">\n<iframe loading=\"lazy\" title=\"Cierre del M\u00f3dulo Educaci\u00f3n para la Paz. Enero-Junio 2025\" width=\"500\" height=\"281\" src=\"https:\/\/www.youtube.com\/embed\/Omq_oDh8rso?feature=oembed\" frameborder=\"0\" allow=\"accelerometer; autoplay; clipboard-write; encrypted-media; gyroscope; picture-in-picture; web-share\" referrerpolicy=\"strict-origin-when-cross-origin\" allowfullscreen><\/iframe>\n<\/div><\/figure>\n","protected":false},"excerpt":{"rendered":"<p>Con alegr\u00eda, las y los participantes del Programa Socioeducativo, celebraron con sus mam\u00e1s, pap\u00e1s y familiares el cierre del M\u00f3dulo Educaci\u00f3n para Paz, presentaron sus productos de cada Curso Bloque y Taller entre otras actividades que en Sueni\u00f1os impulsamos para el desarrollo humano integral enfocado en este m\u00f3dulo a los procesos de paz.<\/p>\n","protected":false},"author":6,"featured_media":5280,"comment_status":"closed","ping_status":"closed","sticky":false,"template":"","format":"standard","meta":{"_acf_changed":false,"footnotes":""},"categories":[60],"tags":[73,71,65,63],"class_list":["post-5274","post","type-post","status-publish","format-standard","has-post-thumbnail","hentry","category-programa-socioeducativo","tag-educacion-para-la-paz","tag-haciendo-realidad-los-suenos","tag-san-cristobal-de-las-casas","tag-sueninos"],"acf":[],"_links":{"self":[{"href":"https:\/\/www.sueninos.org\/es\/wp-json\/wp\/v2\/posts\/5274","targetHints":{"allow":["GET"]}}],"collection":[{"href":"https:\/\/www.sueninos.org\/es\/wp-json\/wp\/v2\/posts"}],"about":[{"href":"https:\/\/www.sueninos.org\/es\/wp-json\/wp\/v2\/types\/post"}],"author":[{"embeddable":true,"href":"https:\/\/www.sueninos.org\/es\/wp-json\/wp\/v2\/users\/6"}],"replies":[{"embeddable":true,"href":"https:\/\/www.sueninos.org\/es\/wp-json\/wp\/v2\/comments?post=5274"}],"version-history":[{"count":1,"href":"https:\/\/www.sueninos.org\/es\/wp-json\/wp\/v2\/posts\/5274\/revisions"}],"predecessor-version":[{"id":5275,"href":"https:\/\/www.sueninos.org\/es\/wp-json\/wp\/v2\/posts\/5274\/revisions\/5275"}],"wp:featuredmedia":[{"embeddable":true,"href":"https:\/\/www.sueninos.org\/es\/wp-json\/wp\/v2\/media\/5280"}],"wp:attachment":[{"href":"https:\/\/www.sueninos.org\/es\/wp-json\/wp\/v2\/media?parent=5274"}],"wp:term":[{"taxonomy":"category","embeddable":true,"href":"https:\/\/www.sueninos.org\/es\/wp-json\/wp\/v2\/categories?post=5274"},{"taxonomy":"post_tag","embeddable":true,"href":"https:\/\/www.sueninos.org\/es\/wp-json\/wp\/v2\/tags?post=5274"}],"curies":[{"name":"wp","href":"https:\/\/api.w.org\/{rel}","templated":true}]}}