{"id":4902,"date":"2025-01-30T12:14:00","date_gmt":"2025-01-30T12:14:00","guid":{"rendered":"https:\/\/www.sueninos.org\/\/dia-escolar-de-la-no-violencia-y-la-paz\/"},"modified":"2025-02-06T12:21:43","modified_gmt":"2025-02-06T12:21:43","slug":"dia-escolar-de-la-no-violencia-y-la-paz","status":"publish","type":"post","link":"https:\/\/www.sueninos.org\/es\/dia-escolar-de-la-no-violencia-y-la-paz\/","title":{"rendered":"\u201cD\u00eda Escolar de la No Violencia y la Paz\u201d"},"content":{"rendered":"\n<p>&#8220;No hay camino para la paz: la paz es el camino&#8221;. &#8211; Mahatma Ghandi &#8211;<\/p>\n\n<p>Hoy 30 de enero, celebramos el \u201cD\u00eda Escolar de la No Violencia y la Paz\u201d, dedicado a fomentar una cultura de no violencia y la paz en los centros educativos. <\/p>\n\n<p>Con este motivo, recodamos con mucha emoci\u00f3n nuestro pasado aniversario n\u00famero 19 donde m\u00e1s de 300 estudiantes de primarias, secundarias y bachilleratos de la Zona Norte de San Crist\u00f3bal se dieron cita en Sueni\u00f1os para reflexionar en el \u201cEncuentro Infancias, Adolescencias y Juventudes por la Paz\u201d.<\/p>\n\n<p><a href=\"https:\/\/www.unicef.es\/educa\/dias-mundiales\/dia-escolar-no-violencia-paz\">https:\/\/www.unicef.es\/educa\/dias-mundiales\/dia-escolar-no-violencia-paz<\/a><\/p>\n<p><iframe loading=\"lazy\" title=\"Sueni\u00f1os celebra 19 a\u00f1os con  \u201cEncuentro Infancias, Adolescencias y Juventudes por la Paz\u201d\" width=\"500\" height=\"281\" src=\"https:\/\/www.youtube.com\/embed\/WegmSD92eqI?feature=oembed\" frameborder=\"0\" allow=\"accelerometer; autoplay; clipboard-write; encrypted-media; gyroscope; picture-in-picture; web-share\" referrerpolicy=\"strict-origin-when-cross-origin\" allowfullscreen><\/iframe><\/p>\n","protected":false},"excerpt":{"rendered":"<p>&#8220;No hay camino para la paz: la paz es el camino&#8221;. &#8211; Mahatma Ghandi &#8211; Hoy 30 de enero, celebramos el \u201cD\u00eda Escolar de la No Violencia y la Paz\u201d, dedicado a fomentar una cultura de no violencia y la paz en los centros educativos. Con este motivo, recodamos con mucha emoci\u00f3n nuestro pasado aniversario [&hellip;]<\/p>\n","protected":false},"author":5,"featured_media":4900,"comment_status":"closed","ping_status":"closed","sticky":false,"template":"","format":"standard","meta":{"_acf_changed":false,"footnotes":""},"categories":[59],"tags":[],"class_list":["post-4902","post","type-post","status-publish","format-standard","has-post-thumbnail","hentry","category-sueninos"],"acf":[],"_links":{"self":[{"href":"https:\/\/www.sueninos.org\/es\/wp-json\/wp\/v2\/posts\/4902","targetHints":{"allow":["GET"]}}],"collection":[{"href":"https:\/\/www.sueninos.org\/es\/wp-json\/wp\/v2\/posts"}],"about":[{"href":"https:\/\/www.sueninos.org\/es\/wp-json\/wp\/v2\/types\/post"}],"author":[{"embeddable":true,"href":"https:\/\/www.sueninos.org\/es\/wp-json\/wp\/v2\/users\/5"}],"replies":[{"embeddable":true,"href":"https:\/\/www.sueninos.org\/es\/wp-json\/wp\/v2\/comments?post=4902"}],"version-history":[{"count":0,"href":"https:\/\/www.sueninos.org\/es\/wp-json\/wp\/v2\/posts\/4902\/revisions"}],"wp:featuredmedia":[{"embeddable":true,"href":"https:\/\/www.sueninos.org\/es\/wp-json\/wp\/v2\/media\/4900"}],"wp:attachment":[{"href":"https:\/\/www.sueninos.org\/es\/wp-json\/wp\/v2\/media?parent=4902"}],"wp:term":[{"taxonomy":"category","embeddable":true,"href":"https:\/\/www.sueninos.org\/es\/wp-json\/wp\/v2\/categories?post=4902"},{"taxonomy":"post_tag","embeddable":true,"href":"https:\/\/www.sueninos.org\/es\/wp-json\/wp\/v2\/tags?post=4902"}],"curies":[{"name":"wp","href":"https:\/\/api.w.org\/{rel}","templated":true}]}}