{"id":4896,"date":"2025-01-08T12:08:00","date_gmt":"2025-01-08T12:08:00","guid":{"rendered":"https:\/\/www.sueninos.org\/\/cultivando-suenos-en-el-huerto-de-sueninos\/"},"modified":"2025-02-06T12:14:52","modified_gmt":"2025-02-06T12:14:52","slug":"cultivando-suenos-en-el-huerto-de-sueninos","status":"publish","type":"post","link":"https:\/\/www.sueninos.org\/es\/cultivando-suenos-en-el-huerto-de-sueninos\/","title":{"rendered":"Cultivando Sue\u00f1os en el Huerto de Sueni\u00f1os"},"content":{"rendered":"\n<p>\u201cPara m\u00ed la madre tierra vale mucho, ya que gracias a ella podemos comer, explorar y conocer m\u00e1s\u201d \u2013 Melani, 8 a\u00f1os.<\/p>\n\n<p>\u201cEl respeto a la tierra es importante porque sin ella no hay vida\u2026 Yo digo que eso se puede cambiar, necesitamos ayudarla\u201d \u2013 Karla, 9 a\u00f1os.<\/p>\n\n<p>\u2728 \u00a1Damos inicio al segundo m\u00f3dulo: Educaci\u00f3n para la Paz! \u2728<br\/>&#8220;Cultivando Sue\u00f1os&#8221; es un curso de huerto facilitado por Amparo y Rio, donde aprender\u00e1s sobre el cuidado del medio ambiente y la producci\u00f3n responsable. \ud83e\udd6c\ud83c\udf3f \u00a1Convirtamos juntos a la madre tierra en un lugar protegido y respetado!  <\/p>\n\n<p>\ud83c\udf1f Si tienes entre 6 y 19 a\u00f1os, este espacio es para ti.<\/p>\n\n<p>En Sueni\u00f1os, ofrecemos un Programa Socioeducativo con cursos y talleres totalmente gratuitos. \ud83d\udc99<\/p>\n<p><iframe loading=\"lazy\" title=\"Cultivando Sue\u00f1os en el Huerto de Sueni\u00f1os\" width=\"500\" height=\"281\" src=\"https:\/\/www.youtube.com\/embed\/B6egmS1Umpw?feature=oembed\" frameborder=\"0\" allow=\"accelerometer; autoplay; clipboard-write; encrypted-media; gyroscope; picture-in-picture; web-share\" referrerpolicy=\"strict-origin-when-cross-origin\" allowfullscreen><\/iframe><\/p>\n\n<p><\/p>\n","protected":false},"excerpt":{"rendered":"<p>\u201cPara m\u00ed la madre tierra vale mucho, ya que gracias a ella podemos comer, explorar y conocer m\u00e1s\u201d \u2013 Melani, 8 a\u00f1os. \u201cEl respeto a la tierra es importante porque sin ella no hay vida\u2026 Yo digo que eso se puede cambiar, necesitamos ayudarla\u201d \u2013 Karla, 9 a\u00f1os. \u2728 \u00a1Damos inicio al segundo m\u00f3dulo: Educaci\u00f3n [&hellip;]<\/p>\n","protected":false},"author":5,"featured_media":4894,"comment_status":"closed","ping_status":"closed","sticky":false,"template":"","format":"standard","meta":{"_acf_changed":false,"footnotes":""},"categories":[13],"tags":[],"class_list":["post-4896","post","type-post","status-publish","format-standard","has-post-thumbnail","hentry","category-sozialpadagogisches-bildungsprogramm"],"acf":[],"_links":{"self":[{"href":"https:\/\/www.sueninos.org\/es\/wp-json\/wp\/v2\/posts\/4896","targetHints":{"allow":["GET"]}}],"collection":[{"href":"https:\/\/www.sueninos.org\/es\/wp-json\/wp\/v2\/posts"}],"about":[{"href":"https:\/\/www.sueninos.org\/es\/wp-json\/wp\/v2\/types\/post"}],"author":[{"embeddable":true,"href":"https:\/\/www.sueninos.org\/es\/wp-json\/wp\/v2\/users\/5"}],"replies":[{"embeddable":true,"href":"https:\/\/www.sueninos.org\/es\/wp-json\/wp\/v2\/comments?post=4896"}],"version-history":[{"count":0,"href":"https:\/\/www.sueninos.org\/es\/wp-json\/wp\/v2\/posts\/4896\/revisions"}],"wp:featuredmedia":[{"embeddable":true,"href":"https:\/\/www.sueninos.org\/es\/wp-json\/wp\/v2\/media\/4894"}],"wp:attachment":[{"href":"https:\/\/www.sueninos.org\/es\/wp-json\/wp\/v2\/media?parent=4896"}],"wp:term":[{"taxonomy":"category","embeddable":true,"href":"https:\/\/www.sueninos.org\/es\/wp-json\/wp\/v2\/categories?post=4896"},{"taxonomy":"post_tag","embeddable":true,"href":"https:\/\/www.sueninos.org\/es\/wp-json\/wp\/v2\/tags?post=4896"}],"curies":[{"name":"wp","href":"https:\/\/api.w.org\/{rel}","templated":true}]}}