{"id":4884,"date":"2024-12-19T11:57:00","date_gmt":"2024-12-19T11:57:00","guid":{"rendered":"https:\/\/www.sueninos.org\/\/con-carino-presentamos-impresiones-del-cierre-del-modulo-i-identidad\/"},"modified":"2025-02-06T12:02:36","modified_gmt":"2025-02-06T12:02:36","slug":"con-carino-presentamos-impresiones-del-cierre-del-modulo-i-identidad","status":"publish","type":"post","link":"https:\/\/www.sueninos.org\/es\/con-carino-presentamos-impresiones-del-cierre-del-modulo-i-identidad\/","title":{"rendered":"Con cari\u00f1o presentamos impresiones del Cierre del M\u00f3dulo I &#8220;Identidad&#8221;"},"content":{"rendered":"\n<p>Las y los participantes presentaron con cari\u00f1o a mam\u00e1s y pap\u00e1s sus trabajos realizados durante el \u201cM\u00f3dulo Identidad\u201d, por medio de \u201cTalleres Vivenciales\u201d, para fortalecer su vinculaci\u00f3n con Sueni\u00f1os en beneficio del desarrollo integral de sus hijas e hijos.<\/p>\n\n<figure class=\"wp-block-embed is-type-video is-provider-youtube wp-block-embed-youtube wp-embed-aspect-16-9 wp-has-aspect-ratio\"><div class=\"wp-block-embed__wrapper\">\n<iframe loading=\"lazy\" title=\"Resultados del M\u00f3dulo Identidad en Sueni\u00f1os 2024\" width=\"500\" height=\"281\" src=\"https:\/\/www.youtube.com\/embed\/hzn4YZpXnPU?feature=oembed\" frameborder=\"0\" allow=\"accelerometer; autoplay; clipboard-write; encrypted-media; gyroscope; picture-in-picture; web-share\" referrerpolicy=\"strict-origin-when-cross-origin\" allowfullscreen><\/iframe>\n<\/div><\/figure>\n","protected":false},"excerpt":{"rendered":"<p>Las y los participantes presentaron con cari\u00f1o a mam\u00e1s y pap\u00e1s sus trabajos realizados durante el \u201cM\u00f3dulo Identidad\u201d, por medio de \u201cTalleres Vivenciales\u201d, para fortalecer su vinculaci\u00f3n con Sueni\u00f1os en beneficio del desarrollo integral de sus hijas e hijos.<\/p>\n","protected":false},"author":5,"featured_media":4882,"comment_status":"closed","ping_status":"closed","sticky":false,"template":"","format":"standard","meta":{"_acf_changed":false,"footnotes":""},"categories":[60],"tags":[],"class_list":["post-4884","post","type-post","status-publish","format-standard","has-post-thumbnail","hentry","category-programa-socioeducativo"],"acf":[],"_links":{"self":[{"href":"https:\/\/www.sueninos.org\/es\/wp-json\/wp\/v2\/posts\/4884","targetHints":{"allow":["GET"]}}],"collection":[{"href":"https:\/\/www.sueninos.org\/es\/wp-json\/wp\/v2\/posts"}],"about":[{"href":"https:\/\/www.sueninos.org\/es\/wp-json\/wp\/v2\/types\/post"}],"author":[{"embeddable":true,"href":"https:\/\/www.sueninos.org\/es\/wp-json\/wp\/v2\/users\/5"}],"replies":[{"embeddable":true,"href":"https:\/\/www.sueninos.org\/es\/wp-json\/wp\/v2\/comments?post=4884"}],"version-history":[{"count":0,"href":"https:\/\/www.sueninos.org\/es\/wp-json\/wp\/v2\/posts\/4884\/revisions"}],"wp:featuredmedia":[{"embeddable":true,"href":"https:\/\/www.sueninos.org\/es\/wp-json\/wp\/v2\/media\/4882"}],"wp:attachment":[{"href":"https:\/\/www.sueninos.org\/es\/wp-json\/wp\/v2\/media?parent=4884"}],"wp:term":[{"taxonomy":"category","embeddable":true,"href":"https:\/\/www.sueninos.org\/es\/wp-json\/wp\/v2\/categories?post=4884"},{"taxonomy":"post_tag","embeddable":true,"href":"https:\/\/www.sueninos.org\/es\/wp-json\/wp\/v2\/tags?post=4884"}],"curies":[{"name":"wp","href":"https:\/\/api.w.org\/{rel}","templated":true}]}}