{"id":4878,"date":"2024-09-10T11:50:00","date_gmt":"2024-09-10T11:50:00","guid":{"rendered":"https:\/\/www.sueninos.org\/\/dia-internacional-de-la-alfabetizacion\/"},"modified":"2025-02-06T11:57:46","modified_gmt":"2025-02-06T11:57:46","slug":"dia-internacional-de-la-alfabetizacion","status":"publish","type":"post","link":"https:\/\/www.sueninos.org\/es\/dia-internacional-de-la-alfabetizacion\/","title":{"rendered":"D\u00eda Internacional de la Alfabetizaci\u00f3n"},"content":{"rendered":"\n<p>En el marco del D\u00eda Internacional de la Alfabetizaci\u00f3n (8 de septiembre), en Sueni\u00f1os tenemos presente que la educaci\u00f3n es de suma importancia en el desarrollo integral de ni\u00f1as, ni\u00f1os, adolescentes y j\u00f3venes. <\/p>\n\n<p>El programa Socioeducativo es adicional a la escuela oficial, aqu\u00ed les ofrecemos un espacio de mentor\u00eda educativa donde los acompa\u00f1amos en sus tareas y promovemos los procesos de aprendizaje continuo, como la lectoescritura y las matem\u00e1ticas.  <\/p>\n\n<p>\u00a1Contamos con un programa de apoyo de \u00fatiles escolares! <\/p>\n\n<p>En Sueni\u00f1os promovemos el derecho y el acceso a la educaci\u00f3n. Con nuestro programa de Alfabetizaci\u00f3n Sueni\u00f1os, en convenio con la Secretar\u00eda de Educaci\u00f3n P\u00fablica (SEP), acompa\u00f1amos en la alfabetizaci\u00f3n de adolescentes y j\u00f3venes para que puedan culminar la primaria y secundaria. !La alfabetizaci\u00f3n es un puente para hacer realidad los sue\u00f1os!  <\/p>\n\n<p>\u00a1Recuerden que juntas y juntos podemos hacer la diferencia! <\/p>\n\n<p><a href=\"https:\/\/www.unesco.org\/es\/days\/literacy\">https:\/\/www.unesco.org\/es\/days\/literacy<\/a><\/p>\n\n<figure class=\"wp-block-gallery has-nested-images columns-3 is-cropped wp-block-gallery-1 is-layout-flex wp-block-gallery-is-layout-flex\">\n<figure class=\"wp-block-image size-large\"><img loading=\"lazy\" decoding=\"async\" width=\"1024\" height=\"858\" data-id=\"4863\" src=\"https:\/\/www.sueninos.org\/\/wp-content\/uploads\/2025\/02\/240906-alfabetizacion-y-metoria-3-1024x858.jpg\" alt=\"\" class=\"wp-image-4863\" srcset=\"https:\/\/www.sueninos.org\/wp-content\/uploads\/2025\/02\/240906-alfabetizacion-y-metoria-3-1024x858.jpg 1024w, https:\/\/www.sueninos.org\/wp-content\/uploads\/2025\/02\/240906-alfabetizacion-y-metoria-3-300x252.jpg 300w, https:\/\/www.sueninos.org\/wp-content\/uploads\/2025\/02\/240906-alfabetizacion-y-metoria-3-768x644.jpg 768w, https:\/\/www.sueninos.org\/wp-content\/uploads\/2025\/02\/240906-alfabetizacion-y-metoria-3.jpg 1293w\" sizes=\"auto, (max-width: 1024px) 100vw, 1024px\" \/><\/figure>\n\n\n\n<figure class=\"wp-block-image size-large\"><img loading=\"lazy\" decoding=\"async\" width=\"1024\" height=\"858\" data-id=\"4861\" src=\"https:\/\/www.sueninos.org\/\/wp-content\/uploads\/2025\/02\/240906-alfabetizacion-y-metoria-2-1024x858.jpg\" alt=\"\" class=\"wp-image-4861\" srcset=\"https:\/\/www.sueninos.org\/wp-content\/uploads\/2025\/02\/240906-alfabetizacion-y-metoria-2-1024x858.jpg 1024w, https:\/\/www.sueninos.org\/wp-content\/uploads\/2025\/02\/240906-alfabetizacion-y-metoria-2-300x252.jpg 300w, https:\/\/www.sueninos.org\/wp-content\/uploads\/2025\/02\/240906-alfabetizacion-y-metoria-2-768x644.jpg 768w, https:\/\/www.sueninos.org\/wp-content\/uploads\/2025\/02\/240906-alfabetizacion-y-metoria-2.jpg 1293w\" sizes=\"auto, (max-width: 1024px) 100vw, 1024px\" \/><\/figure>\n\n\n\n<figure class=\"wp-block-image size-large\"><img loading=\"lazy\" decoding=\"async\" width=\"1024\" height=\"858\" data-id=\"4865\" src=\"https:\/\/www.sueninos.org\/\/wp-content\/uploads\/2025\/02\/240906-alfabetizacion-y-metoria-4-1024x858.jpg\" alt=\"\" class=\"wp-image-4865\" srcset=\"https:\/\/www.sueninos.org\/wp-content\/uploads\/2025\/02\/240906-alfabetizacion-y-metoria-4-1024x858.jpg 1024w, https:\/\/www.sueninos.org\/wp-content\/uploads\/2025\/02\/240906-alfabetizacion-y-metoria-4-300x252.jpg 300w, https:\/\/www.sueninos.org\/wp-content\/uploads\/2025\/02\/240906-alfabetizacion-y-metoria-4-768x644.jpg 768w, https:\/\/www.sueninos.org\/wp-content\/uploads\/2025\/02\/240906-alfabetizacion-y-metoria-4.jpg 1293w\" sizes=\"auto, (max-width: 1024px) 100vw, 1024px\" \/><\/figure>\n\n\n\n<figure class=\"wp-block-image size-large\"><img loading=\"lazy\" decoding=\"async\" width=\"1024\" height=\"858\" data-id=\"4867\" src=\"https:\/\/www.sueninos.org\/\/wp-content\/uploads\/2025\/02\/240906-alfabetizacion-y-metoria-5-1024x858.jpg\" alt=\"\" class=\"wp-image-4867\" srcset=\"https:\/\/www.sueninos.org\/wp-content\/uploads\/2025\/02\/240906-alfabetizacion-y-metoria-5-1024x858.jpg 1024w, https:\/\/www.sueninos.org\/wp-content\/uploads\/2025\/02\/240906-alfabetizacion-y-metoria-5-300x252.jpg 300w, https:\/\/www.sueninos.org\/wp-content\/uploads\/2025\/02\/240906-alfabetizacion-y-metoria-5-768x644.jpg 768w, https:\/\/www.sueninos.org\/wp-content\/uploads\/2025\/02\/240906-alfabetizacion-y-metoria-5.jpg 1293w\" sizes=\"auto, (max-width: 1024px) 100vw, 1024px\" \/><\/figure>\n\n\n\n<figure class=\"wp-block-image size-large\"><img loading=\"lazy\" decoding=\"async\" width=\"1024\" height=\"858\" data-id=\"4869\" src=\"https:\/\/www.sueninos.org\/\/wp-content\/uploads\/2025\/02\/240906-alfabetizacion-y-metoria-6-1024x858.jpg\" alt=\"\" class=\"wp-image-4869\" srcset=\"https:\/\/www.sueninos.org\/wp-content\/uploads\/2025\/02\/240906-alfabetizacion-y-metoria-6-1024x858.jpg 1024w, https:\/\/www.sueninos.org\/wp-content\/uploads\/2025\/02\/240906-alfabetizacion-y-metoria-6-300x252.jpg 300w, https:\/\/www.sueninos.org\/wp-content\/uploads\/2025\/02\/240906-alfabetizacion-y-metoria-6-768x644.jpg 768w, https:\/\/www.sueninos.org\/wp-content\/uploads\/2025\/02\/240906-alfabetizacion-y-metoria-6.jpg 1293w\" sizes=\"auto, (max-width: 1024px) 100vw, 1024px\" \/><\/figure>\n\n\n\n<figure class=\"wp-block-image size-large\"><img loading=\"lazy\" decoding=\"async\" width=\"1024\" height=\"858\" data-id=\"4871\" src=\"https:\/\/www.sueninos.org\/\/wp-content\/uploads\/2025\/02\/240906-alfabetizacion-y-metoria-7-1024x858.jpg\" alt=\"\" class=\"wp-image-4871\" srcset=\"https:\/\/www.sueninos.org\/wp-content\/uploads\/2025\/02\/240906-alfabetizacion-y-metoria-7-1024x858.jpg 1024w, https:\/\/www.sueninos.org\/wp-content\/uploads\/2025\/02\/240906-alfabetizacion-y-metoria-7-300x252.jpg 300w, https:\/\/www.sueninos.org\/wp-content\/uploads\/2025\/02\/240906-alfabetizacion-y-metoria-7-768x644.jpg 768w, https:\/\/www.sueninos.org\/wp-content\/uploads\/2025\/02\/240906-alfabetizacion-y-metoria-7.jpg 1293w\" sizes=\"auto, (max-width: 1024px) 100vw, 1024px\" \/><\/figure>\n<\/figure>\n","protected":false},"excerpt":{"rendered":"<p>En el marco del D\u00eda Internacional de la Alfabetizaci\u00f3n (8 de septiembre), en Sueni\u00f1os tenemos presente que la educaci\u00f3n es de suma importancia en el desarrollo integral de ni\u00f1as, ni\u00f1os, adolescentes y j\u00f3venes. El programa Socioeducativo es adicional a la escuela oficial, aqu\u00ed les ofrecemos un espacio de mentor\u00eda educativa donde los acompa\u00f1amos en sus [&hellip;]<\/p>\n","protected":false},"author":5,"featured_media":4876,"comment_status":"closed","ping_status":"closed","sticky":false,"template":"","format":"standard","meta":{"_acf_changed":false,"footnotes":""},"categories":[59],"tags":[],"class_list":["post-4878","post","type-post","status-publish","format-standard","has-post-thumbnail","hentry","category-sueninos"],"acf":[],"_links":{"self":[{"href":"https:\/\/www.sueninos.org\/es\/wp-json\/wp\/v2\/posts\/4878","targetHints":{"allow":["GET"]}}],"collection":[{"href":"https:\/\/www.sueninos.org\/es\/wp-json\/wp\/v2\/posts"}],"about":[{"href":"https:\/\/www.sueninos.org\/es\/wp-json\/wp\/v2\/types\/post"}],"author":[{"embeddable":true,"href":"https:\/\/www.sueninos.org\/es\/wp-json\/wp\/v2\/users\/5"}],"replies":[{"embeddable":true,"href":"https:\/\/www.sueninos.org\/es\/wp-json\/wp\/v2\/comments?post=4878"}],"version-history":[{"count":0,"href":"https:\/\/www.sueninos.org\/es\/wp-json\/wp\/v2\/posts\/4878\/revisions"}],"wp:featuredmedia":[{"embeddable":true,"href":"https:\/\/www.sueninos.org\/es\/wp-json\/wp\/v2\/media\/4876"}],"wp:attachment":[{"href":"https:\/\/www.sueninos.org\/es\/wp-json\/wp\/v2\/media?parent=4878"}],"wp:term":[{"taxonomy":"category","embeddable":true,"href":"https:\/\/www.sueninos.org\/es\/wp-json\/wp\/v2\/categories?post=4878"},{"taxonomy":"post_tag","embeddable":true,"href":"https:\/\/www.sueninos.org\/es\/wp-json\/wp\/v2\/tags?post=4878"}],"curies":[{"name":"wp","href":"https:\/\/api.w.org\/{rel}","templated":true}]}}