{"id":4705,"date":"2024-09-08T11:41:50","date_gmt":"2024-09-08T11:41:50","guid":{"rendered":"https:\/\/www.sueninos.org\/\/los-mejores-momentos-del-ciclo-2023-2024\/"},"modified":"2025-09-19T20:51:23","modified_gmt":"2025-09-19T20:51:23","slug":"los-mejores-momentos-del-ciclo-2023-2024","status":"publish","type":"post","link":"https:\/\/www.sueninos.org\/es\/los-mejores-momentos-del-ciclo-2023-2024\/","title":{"rendered":"Los mejores momentos del ciclo 2023 &#8211; 2024"},"content":{"rendered":"\n<p>Compartimos que tuvimos hermosos aprendizajes a lo largo de un a\u00f1o acompa\u00f1ando a ni\u00f1as, ni\u00f1os, adolescentes y j\u00f3venes. Gracias a todas y todos por ser parte de la familia Sueni\u00f1os.<br\/>\u00a1Juntas y juntos haciendo realidad nuestros sue\u00f1os!  <\/p>\n<p><iframe loading=\"lazy\" title=\"Los mejores momentos de Sueni\u00f1os. Cilco 2023-2024\" width=\"500\" height=\"281\" src=\"https:\/\/www.youtube.com\/embed\/vDTfk_QQURo?feature=oembed\" frameborder=\"0\" allow=\"accelerometer; autoplay; clipboard-write; encrypted-media; gyroscope; picture-in-picture; web-share\" referrerpolicy=\"strict-origin-when-cross-origin\" allowfullscreen><\/iframe><\/p>\n\n<p><\/p>\n","protected":false},"excerpt":{"rendered":"<p>Compartimos que tuvimos hermosos aprendizajes a lo largo de un a\u00f1o acompa\u00f1ando a ni\u00f1as, ni\u00f1os, adolescentes y j\u00f3venes. Gracias a todas y todos por ser parte de la familia Sueni\u00f1os.\u00a1Juntas y juntos haciendo realidad nuestros sue\u00f1os!<\/p>\n","protected":false},"author":5,"featured_media":4703,"comment_status":"closed","ping_status":"closed","sticky":false,"template":"","format":"standard","meta":{"_acf_changed":false,"footnotes":""},"categories":[26,59],"tags":[],"class_list":["post-4705","post","type-post","status-publish","format-standard","has-post-thumbnail","hentry","category-sin-categorizar","category-sueninos"],"acf":[],"_links":{"self":[{"href":"https:\/\/www.sueninos.org\/es\/wp-json\/wp\/v2\/posts\/4705","targetHints":{"allow":["GET"]}}],"collection":[{"href":"https:\/\/www.sueninos.org\/es\/wp-json\/wp\/v2\/posts"}],"about":[{"href":"https:\/\/www.sueninos.org\/es\/wp-json\/wp\/v2\/types\/post"}],"author":[{"embeddable":true,"href":"https:\/\/www.sueninos.org\/es\/wp-json\/wp\/v2\/users\/5"}],"replies":[{"embeddable":true,"href":"https:\/\/www.sueninos.org\/es\/wp-json\/wp\/v2\/comments?post=4705"}],"version-history":[{"count":1,"href":"https:\/\/www.sueninos.org\/es\/wp-json\/wp\/v2\/posts\/4705\/revisions"}],"predecessor-version":[{"id":5300,"href":"https:\/\/www.sueninos.org\/es\/wp-json\/wp\/v2\/posts\/4705\/revisions\/5300"}],"wp:featuredmedia":[{"embeddable":true,"href":"https:\/\/www.sueninos.org\/es\/wp-json\/wp\/v2\/media\/4703"}],"wp:attachment":[{"href":"https:\/\/www.sueninos.org\/es\/wp-json\/wp\/v2\/media?parent=4705"}],"wp:term":[{"taxonomy":"category","embeddable":true,"href":"https:\/\/www.sueninos.org\/es\/wp-json\/wp\/v2\/categories?post=4705"},{"taxonomy":"post_tag","embeddable":true,"href":"https:\/\/www.sueninos.org\/es\/wp-json\/wp\/v2\/tags?post=4705"}],"curies":[{"name":"wp","href":"https:\/\/api.w.org\/{rel}","templated":true}]}}